{"id":10005,"date":"2016-03-01T14:04:20","date_gmt":"2016-03-01T17:04:20","guid":{"rendered":"http:\/\/agazetadepiraquara.com.br\/site\/?p=10005"},"modified":"2016-03-01T14:04:20","modified_gmt":"2016-03-01T17:04:20","slug":"parceria-entre-prefeitura-e-ufpr-traz-profissionais-de-saude-para-piraquara","status":"publish","type":"post","link":"https:\/\/agazetadepiraquara.com.br\/?p=10005","title":{"rendered":"Parceria entre Prefeitura e UFPR traz profissionais de sa\u00fade para Piraquara"},"content":{"rendered":"<p>A celebra\u00e7\u00e3o da parceria ocorre nesta quinta-feira, dia 03 de mar\u00e7o, na C\u00e2mara Municipal, com a apresenta\u00e7\u00e3o dos residentes<br \/>\nUma parceria entre a Prefeitura de Piraquara, por meio da Secretaria de Sa\u00fade, e a Universidade Federal do Paran\u00e1, traz para o munic\u00edpio profissionais do Programa de Resid\u00eancia Multiprofissional em Sa\u00fade da Universidade. O Programa de p\u00f3s-gradua\u00e7\u00e3o para profissionais da sa\u00fade n\u00e3o m\u00e9dicos ser\u00e1 lan\u00e7ado em Piraquara na pr\u00f3xima quinta-feira, dia 03 de mar\u00e7o, na C\u00e2mara Municipal, com a apresenta\u00e7\u00e3o dos profissionais.<\/p>\n<p>Este Programa tem a dura\u00e7\u00e3o de dois anos e \u00e9 realizado na \u00e1rea de Sa\u00fade Coletiva com \u00eanfase na Estrat\u00e9gia Sa\u00fade da Fam\u00edlia. Os residentes s\u00e3o de diferentes forma\u00e7\u00f5es e ir\u00e3o atuar principalmente nas Unidades de Sa\u00fade com as equipes da Estrat\u00e9gia Sa\u00fade da Fam\u00edlia.<\/p>\n<p>A parceria representa um marco para o munic\u00edpio, que receber\u00e1 como residentes dois farmac\u00eauticos, dois terapeutas ocupacionais, dois m\u00e9dicos veterin\u00e1rios e um cirurgi\u00e3o-dentista, que v\u00e3o refor\u00e7ar a sa\u00fade dos piraquarenses.<\/p>\n<p>A Prefeitura de Piraquara convida para o evento de lan\u00e7amento do Programa.<\/p>\n<p>Servi\u00e7o<\/p>\n<p>Lan\u00e7amento do Programa de Resid\u00eancia Multiprofissional da UFPR em Piraquara<\/p>\n<p>Data: 03\/03\/2016 &#8211; quinta<\/p>\n<p>Local: C\u00e2mara Municipal &#8211; Av. Get\u00falio Vargas, 1511 &#8211; Centro<\/p>\n<p>Hor\u00e1rio: 9h<br \/>\n<img loading=\"lazy\" decoding=\"async\" src=\"http:\/\/agazetadepiraquara.com.br\/site\/wp-content\/uploads\/Parceria-entre-Prefeitura-e-UFPR-traz-profissionais-de-sa\u00fade-para-Piraquara.jpg\" alt=\"Parceria entre Prefeitura e UFPR traz profissionais de sa\u00fade para Piraquara\" width=\"750\" height=\"499\" class=\"alignnone size-full wp-image-10006\" \/><\/p>\n","protected":false},"excerpt":{"rendered":"<p>A celebra\u00e7\u00e3o da parceria ocorre nesta quinta-feira, dia 03 de mar\u00e7o, na C\u00e2mara Municipal, com a apresenta\u00e7\u00e3o dos residentes Uma<\/p>\n","protected":false},"author":1,"featured_media":0,"comment_status":"open","ping_status":"open","sticky":false,"template":"","format":"standard","meta":{"footnotes":""},"categories":[4,11],"tags":[],"class_list":["post-10005","post","type-post","status-publish","format-standard","hentry","category-destaque","category-saude"],"_links":{"self":[{"href":"https:\/\/agazetadepiraquara.com.br\/index.php?rest_route=\/wp\/v2\/posts\/10005","targetHints":{"allow":["GET"]}}],"collection":[{"href":"https:\/\/agazetadepiraquara.com.br\/index.php?rest_route=\/wp\/v2\/posts"}],"about":[{"href":"https:\/\/agazetadepiraquara.com.br\/index.php?rest_route=\/wp\/v2\/types\/post"}],"author":[{"embeddable":true,"href":"https:\/\/agazetadepiraquara.com.br\/index.php?rest_route=\/wp\/v2\/users\/1"}],"replies":[{"embeddable":true,"href":"https:\/\/agazetadepiraquara.com.br\/index.php?rest_route=%2Fwp%2Fv2%2Fcomments&post=10005"}],"version-history":[{"count":0,"href":"https:\/\/agazetadepiraquara.com.br\/index.php?rest_route=\/wp\/v2\/posts\/10005\/revisions"}],"wp:attachment":[{"href":"https:\/\/agazetadepiraquara.com.br\/index.php?rest_route=%2Fwp%2Fv2%2Fmedia&parent=10005"}],"wp:term":[{"taxonomy":"category","embeddable":true,"href":"https:\/\/agazetadepiraquara.com.br\/index.php?rest_route=%2Fwp%2Fv2%2Fcategories&post=10005"},{"taxonomy":"post_tag","embeddable":true,"href":"https:\/\/agazetadepiraquara.com.br\/index.php?rest_route=%2Fwp%2Fv2%2Ftags&post=10005"}],"curies":[{"name":"wp","href":"https:\/\/api.w.org\/{rel}","templated":true}]}}