{"id":12548,"date":"2025-02-17T10:30:00","date_gmt":"2025-02-17T13:30:00","guid":{"rendered":"https:\/\/agazetadepiraquara.com.br\/?p=12548"},"modified":"2025-02-17T10:30:01","modified_gmt":"2025-02-17T13:30:01","slug":"alexandre-curi-deve-ser-candidato-ao-governo-do-parana","status":"publish","type":"post","link":"https:\/\/agazetadepiraquara.com.br\/?p=12548","title":{"rendered":"Alexandre Curi deve ser candidato ao governo do Paran\u00e1"},"content":{"rendered":"\n<p class=\"wp-block-paragraph\">Nomes como do deputado estadual e presidente da Assembleia Legislativa do Paran\u00e1 \u2013 ALEP, Alexandre Curi (PSD), tamb\u00e9m j\u00e1 s\u00e3o cogitados para a disputa, assim como outras lideran\u00e7as dos partidos Republicanos, PSD, PL e PT, que devem buscar candidatos fortes para enfrentar a disputa eleitoral.<\/p>\n\n\n\n<p class=\"wp-block-paragraph\">Enfim, muitas \u00e1guas devem rolar e as alian\u00e7as e composi\u00e7\u00f5es ser\u00e3o fatores importantes para decidir o cen\u00e1rio eleitoral paranaense.<\/p>\n\n\n\n<p class=\"wp-block-paragraph\">Quem \u00e9 Alexandre Curi?<\/p>\n\n\n\n<p class=\"wp-block-paragraph\">O envolvimento da fam\u00edlia Khury com o Paran\u00e1 \u00e9 uma grande e antiga hist\u00f3ria. Atual expoente da fam\u00edlia na \u00e1rea pol\u00edtica, Alexandre Curi vem se destacando nas \u00faltimas duas d\u00e9cadas como uma das novas e mais atuantes lideran\u00e7as do Estado.<\/p>\n\n\n\n<p class=\"wp-block-paragraph\">Aos 16 anos, j\u00e1 acompanhava as a\u00e7\u00f5es de seu av\u00f4 deputado An\u00edbal Khury tanto na Assembleia Legislativa quanto fora dela, colaborando como assessor parlamentar.<\/p>\n\n\n\n<p class=\"wp-block-paragraph\">Em 2000, se elegeu vereador de Curitiba \u2013 \u00e0 \u00e9poca o mais jovem entre as capitais do Brasil. N\u00e3o tardou e, em 2002, assumiu uma cadeira no legislativo estadual com mais de 44 mil votos.<\/p>\n\n\n\n<p class=\"wp-block-paragraph\">Reeleito em 2006, Alexandre Curi foi, pela primeira vez na sua trajet\u00f3ria pol\u00edtica, o deputado estadual mais votado do Paran\u00e1, ultrapassando os 130 mil votos. O resultado foi o reconhecimento da popula\u00e7\u00e3o pelo seu trabalho municipalista, em especial nas regi\u00f5es com menor \u00cdndice de Desenvolvimento Humano (IDH).<\/p>\n\n\n\n<p class=\"wp-block-paragraph\">Com o trabalho parlamentar voltado para as menores cidades do Estado, em 2010, repetiu a vota\u00e7\u00e3o expressiva de quatro anos atr\u00e1s e foi reconduzido com mais de 134 mil votos, tornando-se, pela segunda fez, o deputado estadual com maior vota\u00e7\u00e3o.<\/p>\n\n\n\n<p class=\"wp-block-paragraph\">Atuando com destaque nas \u00e1reas da sa\u00fade, educa\u00e7\u00e3o, esporte e infraestrutura, com o objetivo de levar mais qualidade de vida \u00e0 popula\u00e7\u00e3o, passou dos 114 mil votos em 2014 \u2013 alcan\u00e7ando as urnas de 150 munic\u00edpios paranaenses.<\/p>\n\n\n\n<p class=\"wp-block-paragraph\">Nos quatro anos seguintes, prosseguiu com seu trabalho resolutivo em prol das fam\u00edlias \u2013 sempre em coopera\u00e7\u00e3o com o Governo do Estado \u2013 e superou, em 2018, a marca dos 147 mil votos, se reelegendo para seu quinto mandato.<\/p>\n\n\n\n<p class=\"wp-block-paragraph\">Empenhado em tirar grandes obras do papel, a exemplo da constru\u00e7\u00e3o de hospitais, reforma de escolas e duplica\u00e7\u00f5es de rodovias, Alexandre Curi estabeleceu uma produtiva parceria com o governador Ratinho Junior \u2013 chegando fortalecido \u00e0s urnas em 2022.<\/p>\n\n\n\n<p class=\"wp-block-paragraph\">Fez uma vota\u00e7\u00e3o hist\u00f3rica. Recebeu mais de 237 mil votos de confian\u00e7a da popula\u00e7\u00e3o paranaense. Pela terceira vez, foi o mais votado do Estado. Ficou ainda entre os dez deputados estaduais mais votados do pa\u00eds.<br><br>Alexandre Curi atualmente est\u00e1 filiado ao Partido Social Democr\u00e1tico (PSD) e ocupa o cargo de presidente da Assembleia Legislativa do Paran\u00e1 para o bi\u00eanio 2025-2026.&nbsp;<\/p>\n","protected":false},"excerpt":{"rendered":"<p>Nomes como do deputado estadual e presidente da Assembleia Legislativa do Paran\u00e1 \u2013 ALEP, Alexandre Curi (PSD), tamb\u00e9m j\u00e1 s\u00e3o<\/p>\n","protected":false},"author":1,"featured_media":12549,"comment_status":"closed","ping_status":"closed","sticky":false,"template":"","format":"standard","meta":{"footnotes":""},"categories":[5],"tags":[],"class_list":["post-12548","post","type-post","status-publish","format-standard","has-post-thumbnail","hentry","category-politica"],"_links":{"self":[{"href":"https:\/\/agazetadepiraquara.com.br\/index.php?rest_route=\/wp\/v2\/posts\/12548","targetHints":{"allow":["GET"]}}],"collection":[{"href":"https:\/\/agazetadepiraquara.com.br\/index.php?rest_route=\/wp\/v2\/posts"}],"about":[{"href":"https:\/\/agazetadepiraquara.com.br\/index.php?rest_route=\/wp\/v2\/types\/post"}],"author":[{"embeddable":true,"href":"https:\/\/agazetadepiraquara.com.br\/index.php?rest_route=\/wp\/v2\/users\/1"}],"replies":[{"embeddable":true,"href":"https:\/\/agazetadepiraquara.com.br\/index.php?rest_route=%2Fwp%2Fv2%2Fcomments&post=12548"}],"version-history":[{"count":1,"href":"https:\/\/agazetadepiraquara.com.br\/index.php?rest_route=\/wp\/v2\/posts\/12548\/revisions"}],"predecessor-version":[{"id":12550,"href":"https:\/\/agazetadepiraquara.com.br\/index.php?rest_route=\/wp\/v2\/posts\/12548\/revisions\/12550"}],"wp:featuredmedia":[{"embeddable":true,"href":"https:\/\/agazetadepiraquara.com.br\/index.php?rest_route=\/wp\/v2\/media\/12549"}],"wp:attachment":[{"href":"https:\/\/agazetadepiraquara.com.br\/index.php?rest_route=%2Fwp%2Fv2%2Fmedia&parent=12548"}],"wp:term":[{"taxonomy":"category","embeddable":true,"href":"https:\/\/agazetadepiraquara.com.br\/index.php?rest_route=%2Fwp%2Fv2%2Fcategories&post=12548"},{"taxonomy":"post_tag","embeddable":true,"href":"https:\/\/agazetadepiraquara.com.br\/index.php?rest_route=%2Fwp%2Fv2%2Ftags&post=12548"}],"curies":[{"name":"wp","href":"https:\/\/api.w.org\/{rel}","templated":true}]}}