{"id":12593,"date":"2025-03-17T13:07:40","date_gmt":"2025-03-17T16:07:40","guid":{"rendered":"https:\/\/agazetadepiraquara.com.br\/?p=12593"},"modified":"2025-03-17T13:07:42","modified_gmt":"2025-03-17T16:07:42","slug":"ratinho-nao-quer-discutir-sucessao-estadual-agora-admite-guto-silva","status":"publish","type":"post","link":"https:\/\/agazetadepiraquara.com.br\/?p=12593","title":{"rendered":"Ratinho n\u00e3o quer discutir sucess\u00e3o estadual agora, admite Guto Silva"},"content":{"rendered":"\n<p class=\"wp-block-paragraph\">No novo epis\u00f3dio do Bem na Pauta, o Secret\u00e1rio estadual do Planejamento tamb\u00e9m fala sobre os planos para o restante do governo<\/p>\n\n\n\n<p class=\"wp-block-paragraph\">Secret\u00e1rio estadual do Planejamento e um dos pr\u00e9-candidatos da situa\u00e7\u00e3o \u00e0 sucess\u00e3o do governador\u00a0Ratinho Junior, Guto Silva \u00e9 o entrevistado deste programa Bem na Pauta. Ele fala de como o governo chegou aos altos \u00edndices de aprova\u00e7\u00e3o e da necessidade que v\u00ea de que esse projeto pol\u00edtico tenha continuidade. Mas admite que o governador Ratinho Junior deixou claro nas entrelinhas que n\u00e3o quer a antecipa\u00e7\u00e3o do processo eleitoral para agora.\u00a0<\/p>\n\n\n\n<p class=\"wp-block-paragraph\">Os altos \u00edndices de aprova\u00e7\u00e3o de Ratinho o credenciam como um bom nome para concorrer \u00e0 sucess\u00e3o do presidente Lula no ano que vem, diz Guto Silva. Hoje, segundo ele, o governador j\u00e1 tem um nome consolidado em algumas regi\u00f5es importantes fora do Paran\u00e1, como em S\u00e3o Paulo e nos estados do sul. E onde n\u00e3o for t\u00e3o conhecido, acredita Guto Silva, o nome do pai do governador, o apresentador Ratinho, vai ajudar nesse reconhecimento.<\/p>\n\n\n\n<p class=\"wp-block-paragraph\">Guto Silva diz tamb\u00e9m que o crescimento cont\u00ednuo do PSD, partido do governador, em todo o pa\u00eds, refor\u00e7a essa poss\u00edvel candidatura. O partido, que j\u00e1 tem o maior n\u00famero de prefeitos em todo o pa\u00eds, agora est\u00e1 atraindo nomes de peso da pol\u00edtica nacional. Acaba de filiar a governadora de Pernambuco, Raquel Lyra, e est\u00e1 em tratativas com o governador do Rio Grande do Sul, Eduardo Leite. Lyra e Leite se elegeram pelo PSDB.<\/p>\n\n\n\n<p class=\"wp-block-paragraph\"><\/p>\n","protected":false},"excerpt":{"rendered":"<p>No novo epis\u00f3dio do Bem na Pauta, o Secret\u00e1rio estadual do Planejamento tamb\u00e9m fala sobre os planos para o restante<\/p>\n","protected":false},"author":1,"featured_media":12594,"comment_status":"closed","ping_status":"closed","sticky":false,"template":"","format":"standard","meta":{"footnotes":""},"categories":[4,5],"tags":[],"class_list":["post-12593","post","type-post","status-publish","format-standard","has-post-thumbnail","hentry","category-destaque","category-politica"],"_links":{"self":[{"href":"https:\/\/agazetadepiraquara.com.br\/index.php?rest_route=\/wp\/v2\/posts\/12593","targetHints":{"allow":["GET"]}}],"collection":[{"href":"https:\/\/agazetadepiraquara.com.br\/index.php?rest_route=\/wp\/v2\/posts"}],"about":[{"href":"https:\/\/agazetadepiraquara.com.br\/index.php?rest_route=\/wp\/v2\/types\/post"}],"author":[{"embeddable":true,"href":"https:\/\/agazetadepiraquara.com.br\/index.php?rest_route=\/wp\/v2\/users\/1"}],"replies":[{"embeddable":true,"href":"https:\/\/agazetadepiraquara.com.br\/index.php?rest_route=%2Fwp%2Fv2%2Fcomments&post=12593"}],"version-history":[{"count":1,"href":"https:\/\/agazetadepiraquara.com.br\/index.php?rest_route=\/wp\/v2\/posts\/12593\/revisions"}],"predecessor-version":[{"id":12595,"href":"https:\/\/agazetadepiraquara.com.br\/index.php?rest_route=\/wp\/v2\/posts\/12593\/revisions\/12595"}],"wp:featuredmedia":[{"embeddable":true,"href":"https:\/\/agazetadepiraquara.com.br\/index.php?rest_route=\/wp\/v2\/media\/12594"}],"wp:attachment":[{"href":"https:\/\/agazetadepiraquara.com.br\/index.php?rest_route=%2Fwp%2Fv2%2Fmedia&parent=12593"}],"wp:term":[{"taxonomy":"category","embeddable":true,"href":"https:\/\/agazetadepiraquara.com.br\/index.php?rest_route=%2Fwp%2Fv2%2Fcategories&post=12593"},{"taxonomy":"post_tag","embeddable":true,"href":"https:\/\/agazetadepiraquara.com.br\/index.php?rest_route=%2Fwp%2Fv2%2Ftags&post=12593"}],"curies":[{"name":"wp","href":"https:\/\/api.w.org\/{rel}","templated":true}]}}