{"id":1420,"date":"2014-03-16T22:03:38","date_gmt":"2014-03-17T01:03:38","guid":{"rendered":"http:\/\/gazetadepiraquara.com.br\/site\/?p=1420"},"modified":"2014-03-16T22:03:38","modified_gmt":"2014-03-17T01:03:38","slug":"25a-festa-do-carneiro-em-piraquara","status":"publish","type":"post","link":"https:\/\/agazetadepiraquara.com.br\/?p=1420","title":{"rendered":"25\u00aa FESTA DO CARNEIRO EM PIRAQUARA"},"content":{"rendered":"<p><a href=\"https:\/\/agazetadepiraquara.com.br\/wp-content\/uploads\/2014\/03\/19396.jpg\"><img loading=\"lazy\" decoding=\"async\" class=\"alignleft size-full wp-image-1421\" alt=\"19396\" src=\"https:\/\/agazetadepiraquara.com.br\/wp-content\/uploads\/2014\/03\/19396.jpg\" width=\"543\" height=\"112\" srcset=\"https:\/\/agazetadepiraquara.com.br\/wp-content\/uploads\/2014\/03\/19396.jpg 543w, https:\/\/agazetadepiraquara.com.br\/wp-content\/uploads\/2014\/03\/19396-300x62.jpg 300w\" sizes=\"auto, (max-width: 543px) 100vw, 543px\" \/><\/a><\/p>\n<p>&nbsp;<\/p>\n<p>&nbsp;<\/p>\n<p>&nbsp;<\/p>\n<p>&nbsp;<\/p>\n<p>PROGRAMA\u00c7\u00c3O<\/p>\n<p>11:00 &#8211; Missa na Igreja Nossa Senhora da Assun\u00e7\u00e3o<br \/>\n11:30 \u00e0s 15:00 &#8211; Almo\u00e7o campal<br \/>\n12:30 &#8211; Shows Musicais<br \/>\n15:30 &#8211; Show de Pr\u00eamios<br \/>\n17:00 &#8211; Encerramento<\/p>\n<p>LOCAL: Parque Trentino &#8211; Col\u00f4nia Santa Maria &#8211; Piraquara \/ PR<\/p>\n<p>Haver\u00e1 \u00f4nibus gratuito do Centro de Piraquara at\u00e9 o Parque Trentino<br \/>\nHor\u00e1rios<br \/>\nSa\u00edda do Terminal de Piraquara: 10h, 11h e 12h<br \/>\nSa\u00edda do Parque Trentino: 14h, 15h e 16h<\/p>\n<p>Para mais informa\u00e7\u00f5es, basta ligar:<\/p>\n<p>(41) 3590-3307<\/p>\n<p>(41) 3590-3301<\/p>\n<p>MAPA DE COMO CHEGAR<\/p>\n<p><a href=\"http:\/\/agazetadepiraquara.com.br\/site\/wp-content\/uploads\/2014\/03\/mapa-festa-carneiro.jpg\"><img loading=\"lazy\" decoding=\"async\" class=\"alignleft size-large wp-image-1889\" alt=\"mapa-festa-carneiro\" src=\"http:\/\/agazetadepiraquara.com.br\/site\/wp-content\/uploads\/2014\/03\/mapa-festa-carneiro-1024x671.jpg\" width=\"1024\" height=\"671\" \/><\/a><\/p>\n<p>VEJA COMO FOI A FESTA O ANO PASSADO!<\/p>\n<p><iframe loading=\"lazy\" src=\"\/\/www.youtube.com\/embed\/FxoEoWfzmH4\" height=\"315\" width=\"560\" allowfullscreen=\"\" frameborder=\"0\"><\/iframe><\/p>\n","protected":false},"excerpt":{"rendered":"<p>&nbsp; &nbsp; &nbsp; &nbsp; PROGRAMA\u00c7\u00c3O 11:00 &#8211; Missa na Igreja Nossa Senhora da Assun\u00e7\u00e3o 11:30 \u00e0s 15:00 &#8211; Almo\u00e7o campal<\/p>\n","protected":false},"author":1,"featured_media":0,"comment_status":"open","ping_status":"open","sticky":false,"template":"","format":"standard","meta":{"footnotes":""},"categories":[19],"tags":[3],"class_list":["post-1420","post","type-post","status-publish","format-standard","hentry","category-cultura-lazer","tag-a-gazeta-de-piraquara"],"_links":{"self":[{"href":"https:\/\/agazetadepiraquara.com.br\/index.php?rest_route=\/wp\/v2\/posts\/1420","targetHints":{"allow":["GET"]}}],"collection":[{"href":"https:\/\/agazetadepiraquara.com.br\/index.php?rest_route=\/wp\/v2\/posts"}],"about":[{"href":"https:\/\/agazetadepiraquara.com.br\/index.php?rest_route=\/wp\/v2\/types\/post"}],"author":[{"embeddable":true,"href":"https:\/\/agazetadepiraquara.com.br\/index.php?rest_route=\/wp\/v2\/users\/1"}],"replies":[{"embeddable":true,"href":"https:\/\/agazetadepiraquara.com.br\/index.php?rest_route=%2Fwp%2Fv2%2Fcomments&post=1420"}],"version-history":[{"count":0,"href":"https:\/\/agazetadepiraquara.com.br\/index.php?rest_route=\/wp\/v2\/posts\/1420\/revisions"}],"wp:attachment":[{"href":"https:\/\/agazetadepiraquara.com.br\/index.php?rest_route=%2Fwp%2Fv2%2Fmedia&parent=1420"}],"wp:term":[{"taxonomy":"category","embeddable":true,"href":"https:\/\/agazetadepiraquara.com.br\/index.php?rest_route=%2Fwp%2Fv2%2Fcategories&post=1420"},{"taxonomy":"post_tag","embeddable":true,"href":"https:\/\/agazetadepiraquara.com.br\/index.php?rest_route=%2Fwp%2Fv2%2Ftags&post=1420"}],"curies":[{"name":"wp","href":"https:\/\/api.w.org\/{rel}","templated":true}]}}