{"id":8626,"date":"2015-04-07T22:06:24","date_gmt":"2015-04-08T01:06:24","guid":{"rendered":"http:\/\/agazetadepiraquara.com.br\/site\/?p=8626"},"modified":"2015-04-07T22:06:24","modified_gmt":"2015-04-08T01:06:24","slug":"mais-uma-bicicleta-e-roubada-em-piraquara","status":"publish","type":"post","link":"https:\/\/agazetadepiraquara.com.br\/?p=8626","title":{"rendered":"Mais uma bicicleta \u00e9 roubada em Piraquara"},"content":{"rendered":"<p>Uma onda de furtos e roubos de bicicletas est\u00e3o acontecendo nos \u00faltimos dias em Piraquara. Desta vez foi na tarde de hoje (07) em frente a\u00a0academia MBrasil, na Avenida Get\u00falio Vargas no centro da cidade, por volta das 15:40h. O momento do roubo foi registrado por uma c\u00e2mera de seguran\u00e7a e mostra um rapaz na entrada da academia observando as imedia\u00e7\u00f5es por cerca de trinta minutos e logo em seguida levando a bicicleta, que estava com cadeado.<\/p>\n<p>Outro caso: Na sexta feira uma ciclista teve sua bicicleta tomada de assalto por um indiv\u00edduo armado na estrada que liga os bairros Vila Militar e Vila Macedo. O bandido foi preso logo em seguida pr\u00f3ximo ao local do roubo mas a bicicleta at\u00e9 o momento n\u00e3o foi encontrada.<\/p>\n<p>Curta a p\u00e1gina no Facebook:\u00a0<a title=\"B.O. URGENTE\" href=\"https:\/\/www.facebook.com\/bourgente\" target=\"_blank\" rel=\"noopener\">https:\/\/www.facebook.com\/bourgente<\/a><\/p>\n<p><a href=\"https:\/\/agazetadepiraquara.com.br\/wp-content\/uploads\/2015\/04\/mini-11144877_10203715193787100_144776432_o.jpg\"><img loading=\"lazy\" decoding=\"async\" class=\"alignnone size-full wp-image-8627\" src=\"https:\/\/agazetadepiraquara.com.br\/wp-content\/uploads\/2015\/04\/mini-11144877_10203715193787100_144776432_o.jpg\" alt=\"mini-11144877_10203715193787100_144776432_o\" width=\"960\" height=\"540\" srcset=\"https:\/\/agazetadepiraquara.com.br\/wp-content\/uploads\/2015\/04\/mini-11144877_10203715193787100_144776432_o.jpg 960w, https:\/\/agazetadepiraquara.com.br\/wp-content\/uploads\/2015\/04\/mini-11144877_10203715193787100_144776432_o-300x169.jpg 300w, https:\/\/agazetadepiraquara.com.br\/wp-content\/uploads\/2015\/04\/mini-11144877_10203715193787100_144776432_o-768x432.jpg 768w\" sizes=\"auto, (max-width: 960px) 100vw, 960px\" \/><\/a><\/p>\n","protected":false},"excerpt":{"rendered":"<p>Uma onda de furtos e roubos de bicicletas est\u00e3o acontecendo nos \u00faltimos dias em Piraquara. Desta vez foi na tarde<\/p>\n","protected":false},"author":1,"featured_media":0,"comment_status":"open","ping_status":"open","sticky":false,"template":"","format":"standard","meta":{"footnotes":""},"categories":[28],"tags":[],"class_list":["post-8626","post","type-post","status-publish","format-standard","hentry","category-seguranca"],"_links":{"self":[{"href":"https:\/\/agazetadepiraquara.com.br\/index.php?rest_route=\/wp\/v2\/posts\/8626","targetHints":{"allow":["GET"]}}],"collection":[{"href":"https:\/\/agazetadepiraquara.com.br\/index.php?rest_route=\/wp\/v2\/posts"}],"about":[{"href":"https:\/\/agazetadepiraquara.com.br\/index.php?rest_route=\/wp\/v2\/types\/post"}],"author":[{"embeddable":true,"href":"https:\/\/agazetadepiraquara.com.br\/index.php?rest_route=\/wp\/v2\/users\/1"}],"replies":[{"embeddable":true,"href":"https:\/\/agazetadepiraquara.com.br\/index.php?rest_route=%2Fwp%2Fv2%2Fcomments&post=8626"}],"version-history":[{"count":0,"href":"https:\/\/agazetadepiraquara.com.br\/index.php?rest_route=\/wp\/v2\/posts\/8626\/revisions"}],"wp:attachment":[{"href":"https:\/\/agazetadepiraquara.com.br\/index.php?rest_route=%2Fwp%2Fv2%2Fmedia&parent=8626"}],"wp:term":[{"taxonomy":"category","embeddable":true,"href":"https:\/\/agazetadepiraquara.com.br\/index.php?rest_route=%2Fwp%2Fv2%2Fcategories&post=8626"},{"taxonomy":"post_tag","embeddable":true,"href":"https:\/\/agazetadepiraquara.com.br\/index.php?rest_route=%2Fwp%2Fv2%2Ftags&post=8626"}],"curies":[{"name":"wp","href":"https:\/\/api.w.org\/{rel}","templated":true}]}}