{"id":95,"date":"2013-10-31T16:25:42","date_gmt":"2013-10-31T18:25:42","guid":{"rendered":"http:\/\/gazetadepiraquara.com.br\/site\/?p=95"},"modified":"2013-10-31T16:25:42","modified_gmt":"2013-10-31T18:25:42","slug":"piraquara-recebeu-mais-quatro-medicos-estrangeiros-do-programa-mais-medicos","status":"publish","type":"post","link":"https:\/\/agazetadepiraquara.com.br\/?p=95","title":{"rendered":"Piraquara recebeu mais quatro m\u00e9dicos estrangeiros do Programa Mais M\u00e9dicos"},"content":{"rendered":"<h4>As tr\u00eas m\u00e9dicas cubanas e uma argentina foram recebidas nesta quarta feira (30) pelo Prefeito Marcus Tesserolli, o Marquinhos<\/h4>\n<p>O munic\u00edpio de Piraquara foi contemplado com a vinda de mais quatro m\u00e9dicos, integrantes do programa Mais M\u00e9dicos do governo federal. As tr\u00eas m\u00e9dicas cubanas e uma argentina foram recebidas nesta quarta feira (30) pelo Prefeito Marcus Tesserolli, o Marquinhos. Os quatro novos profissionais se juntam aos dois primeiros do programa que j\u00e1 atuam em Piraquara desde o m\u00eas de setembro.<\/p>\n<p>&nbsp;<\/p>\n<p>As quatro profissionais v\u00e3o atuar na Aten\u00e7\u00e3o B\u00e1sica, fortalecendo e possibilitando a amplia\u00e7\u00e3o das equipes de\u00a0Estrat\u00e9gia\u00a0Sa\u00fade da\u00a0Fam\u00edlia\u00a0(ESF). \u201cDas nove vagas disponibilizadas pelo Minist\u00e9rio da Sa\u00fade para o munic\u00edpio j\u00e1 preenchemos seis. Neste momento estamos em processo de cria\u00e7\u00e3o de mais cinco equipes de estrat\u00e9gia da fam\u00edlia, com a chegada desses profissionais pretendemos ampliar ainda mais as equipes, e a cobertura da sa\u00fade no munic\u00edpio\u201d, explicou a Secret\u00e1ria de Sa\u00fade, Maristela Zanella.<\/p>\n<p>&nbsp;<\/p>\n<p>O Prefeito Marcus Tesserolli, o Marquinhos, ressaltou a import\u00e2ncia da vinda dos m\u00e9dicos para fortalecer a sa\u00fade municipal, que segundo ele \u00e9 uma \u00e1rea priorit\u00e1ria da atual administra\u00e7\u00e3o. \u201cRecebemos as novas m\u00e9dicas de bra\u00e7os abertos, pois precisamos da ajuda delas. A partir de agora com a amplia\u00e7\u00e3o no n\u00famero de m\u00e9dicos, junto com outras medidas que est\u00e3o sendo implantadas na sa\u00fade, queremos proporcionar um atendimento maior e cada vez mais qualificado para a popula\u00e7\u00e3o.\u201d, destacou o Prefeito.<\/p>\n<p>&nbsp;<\/p>\n<p>As novas m\u00e9dicas agora passam por um processo de acolhimento na rede municipal de sa\u00fade, onde elas v\u00e3o conhecer toda a estrutura, os servi\u00e7os e os equipamentos de sa\u00fade de Piraquara, e ap\u00f3s o Minist\u00e9rio da Sa\u00fade conceder os registros, ser\u00e3o definidas as unidades de sa\u00fade onde elas ir\u00e3o trabalhar. As m\u00e9dicas cubanas s\u00e3o; Juana Eva Reyes Lafita, Julia Idania Ruiz Lopez e Zoila Del Carmen Perez Ceruto, e a argentina \u00e9 a Pirisi Claudia Adela.<\/p>\n<p>&nbsp;<\/p>\n<p><strong>Programa Mais M\u00e9dicos \u00a0 \u00a0 \u00a0 \u00a0 \u00a0 \u00a0 \u00a0 \u00a0 \u00a0 \u00a0 \u00a0 \u00a0 \u00a0 \u00a0 \u00a0<\/strong><\/p>\n<p>&nbsp;<\/p>\n<p>O Programa Mais M\u00e9dicos faz parte de um amplo pacto de melhoria do atendimento aos usu\u00e1rios do Sistema \u00danico de Sa\u00fade, que prev\u00ea mais investimentos em infraestrutura dos hospitais e unidades de sa\u00fade, al\u00e9m de levar mais m\u00e9dicos para regi\u00f5es onde h\u00e1 escassez e aus\u00eancia de profissionais.<\/p>\n<p>&nbsp;<\/p>\n","protected":false},"excerpt":{"rendered":"<p>As tr\u00eas m\u00e9dicas cubanas e uma argentina foram recebidas nesta quarta feira (30) pelo Prefeito Marcus Tesserolli, o Marquinhos O<\/p>\n","protected":false},"author":1,"featured_media":96,"comment_status":"open","ping_status":"open","sticky":false,"template":"","format":"standard","meta":{"footnotes":""},"categories":[11],"tags":[40],"class_list":["post-95","post","type-post","status-publish","format-standard","has-post-thumbnail","hentry","category-saude","tag-saude-piraquara"],"_links":{"self":[{"href":"https:\/\/agazetadepiraquara.com.br\/index.php?rest_route=\/wp\/v2\/posts\/95","targetHints":{"allow":["GET"]}}],"collection":[{"href":"https:\/\/agazetadepiraquara.com.br\/index.php?rest_route=\/wp\/v2\/posts"}],"about":[{"href":"https:\/\/agazetadepiraquara.com.br\/index.php?rest_route=\/wp\/v2\/types\/post"}],"author":[{"embeddable":true,"href":"https:\/\/agazetadepiraquara.com.br\/index.php?rest_route=\/wp\/v2\/users\/1"}],"replies":[{"embeddable":true,"href":"https:\/\/agazetadepiraquara.com.br\/index.php?rest_route=%2Fwp%2Fv2%2Fcomments&post=95"}],"version-history":[{"count":0,"href":"https:\/\/agazetadepiraquara.com.br\/index.php?rest_route=\/wp\/v2\/posts\/95\/revisions"}],"wp:featuredmedia":[{"embeddable":true,"href":"https:\/\/agazetadepiraquara.com.br\/index.php?rest_route=\/wp\/v2\/media\/96"}],"wp:attachment":[{"href":"https:\/\/agazetadepiraquara.com.br\/index.php?rest_route=%2Fwp%2Fv2%2Fmedia&parent=95"}],"wp:term":[{"taxonomy":"category","embeddable":true,"href":"https:\/\/agazetadepiraquara.com.br\/index.php?rest_route=%2Fwp%2Fv2%2Fcategories&post=95"},{"taxonomy":"post_tag","embeddable":true,"href":"https:\/\/agazetadepiraquara.com.br\/index.php?rest_route=%2Fwp%2Fv2%2Ftags&post=95"}],"curies":[{"name":"wp","href":"https:\/\/api.w.org\/{rel}","templated":true}]}}